{"id":146,"date":"2012-10-27T22:05:19","date_gmt":"2012-10-27T19:05:19","guid":{"rendered":"http:\/\/www.villekarinen.fi\/?p=146"},"modified":"2012-10-27T23:10:54","modified_gmt":"2012-10-27T20:10:54","slug":"mista-vantaalla-aanestetaan","status":"publish","type":"post","link":"https:\/\/www.villekarinen.net\/?p=146","title":{"rendered":"Mist\u00e4 Vantaalla \u00e4\u00e4nestet\u00e4\u00e4n?"},"content":{"rendered":"<p><a href=\"https:\/\/i1.wp.com\/www.villekarinen.fi\/wp-content\/uploads\/2012\/10\/sakset.jpg\" onclick=\"javascript:_gaq.push(['_trackEvent','outbound-article','http:\/\/www.villekarinen.fi']);\"><img data-attachment-id=\"157\" data-permalink=\"https:\/\/www.villekarinen.net\/?attachment_id=157\" data-orig-file=\"https:\/\/i2.wp.com\/www.villekarinen.net\/wp-content\/uploads\/2012\/10\/sakset.jpg?fit=800%2C419&amp;ssl=1\" data-orig-size=\"800,419\" data-comments-opened=\"1\" data-image-meta=\"{&quot;aperture&quot;:&quot;0&quot;,&quot;credit&quot;:&quot;&quot;,&quot;camera&quot;:&quot;&quot;,&quot;caption&quot;:&quot;&quot;,&quot;created_timestamp&quot;:&quot;0&quot;,&quot;copyright&quot;:&quot;&quot;,&quot;focal_length&quot;:&quot;0&quot;,&quot;iso&quot;:&quot;0&quot;,&quot;shutter_speed&quot;:&quot;0&quot;,&quot;title&quot;:&quot;&quot;}\" data-image-title=\"sakset\" data-image-description=\"\" data-image-caption=\"\" data-medium-file=\"https:\/\/i2.wp.com\/www.villekarinen.net\/wp-content\/uploads\/2012\/10\/sakset.jpg?fit=300%2C157&amp;ssl=1\" data-large-file=\"https:\/\/i2.wp.com\/www.villekarinen.net\/wp-content\/uploads\/2012\/10\/sakset.jpg?fit=640%2C335&amp;ssl=1\" loading=\"lazy\" class=\"alignright size-medium wp-image-157\" title=\"sakset\" src=\"https:\/\/i1.wp.com\/www.villekarinen.fi\/wp-content\/uploads\/2012\/10\/sakset-300x157.jpg?resize=300%2C157\" alt=\"\" width=\"300\" height=\"157\" srcset=\"https:\/\/i2.wp.com\/www.villekarinen.net\/wp-content\/uploads\/2012\/10\/sakset.jpg?resize=300%2C157&amp;ssl=1 300w, https:\/\/i2.wp.com\/www.villekarinen.net\/wp-content\/uploads\/2012\/10\/sakset.jpg?resize=500%2C261&amp;ssl=1 500w, https:\/\/i2.wp.com\/www.villekarinen.net\/wp-content\/uploads\/2012\/10\/sakset.jpg?w=800&amp;ssl=1 800w\" sizes=\"(max-width: 300px) 100vw, 300px\" data-recalc-dims=\"1\" \/><\/a>Tulevat kuntavaalit ovat Vantaalla poikkeuksellisen mielenkiintoiset. Kerrankin puolueiden v\u00e4lill\u00e4 on n\u00e4ht\u00e4viss\u00e4\u00a0selkeit\u00e4 eroja. N\u00e4iden vaalien kuumin peruna on ep\u00e4ilem\u00e4tt\u00e4\u00a0talous- ja velkaohjelmaksi kutsuttu peruspalveluiden yksityist\u00e4mis- ja leikkausohjelma. Ohjelmaan sis\u00e4ltyy merkitt\u00e4vi\u00e4 leikkauksia kaikista kunnan peruspalveluista, joista mainittakoon esim. 100 koulunk\u00e4yntiavustajan irtisanominen sek\u00e4 l\u00e4hes 200 000 ty\u00f6tunnin v\u00e4hent\u00e4minen sosiaali- ja terveyspalveluista.<\/p>\n<p>Paitsi ett\u00e4 Vantaa tuottaa palvelut jo valmiiksi eritt\u00e4in tehokkaasti,\u00a0se on my\u00f6s voimakkaasti kasvava kunta, mist\u00e4 johtuen my\u00f6s\u00a0palveluiden tarve kasvaa jatkuvasti.\u00a0T\u00e4st\u00e4 johtuen Vantaan peruspalveluissa ei\u00a0ole juurikaan l\u00f6ysi\u00e4 leikattavaksi. Pik\u00e4ll\u00e4 t\u00e4ht\u00e4imell\u00e4 peruspalveluiden leikkaamisesta syntyv\u00e4 hyvinvointivaje tulee my\u00f6s huomattavasti\u00a0kalliimmaksi kuin nyt saatavat hetkelliset s\u00e4\u00e4st\u00f6t. Vantaalla ei ole varaa t\u00e4llaiseen s\u00e4\u00e4st\u00e4miseen. T\u00e4st\u00e4 Vantaalla \u00e4\u00e4nestet\u00e4\u00e4n.<\/p>\n<p>Vantaan vasemmisto on johdonmukaisesti vastustanut leikkausohjelmaa liian tiukkana ja esitt\u00e4nyt sille selke\u00e4n <a href=\"http:\/\/dl.dropbox.com\/u\/101163255\/VasVantaa\/VasVantaa-manifesti.pdf\" onclick=\"javascript:_gaq.push(['_trackEvent','download','http:\/\/dl.dropbox.com\/u\/101163255\/VasVantaa\/VasVantaa-manifesti.pdf']);\" target=\"_blank\">vaihtoehdon<\/a>. Vaalien alla jokainen ehdokas on kaiken hyv\u00e4n puolella kaikkea\u00a0pahaa vastaan ja jopa leikkausohjelmaa\u00a0sinnikk\u00e4\u00e4sti\u00a0ajaneissa Vantaan valtapuolueissa on ilahduttavasti\u00a0oltu valmiita lievennyksiin varsinkin koulus\u00e4\u00e4st\u00f6jen osalta.\u00a0Jotta asiat eiv\u00e4t j\u00e4isi puheiden tasolle Vantaan vasemmisto on vaatinut\u00a0muilta puolueilta selkeit\u00e4 kannanottoja velkaohjelmaan. \u00c4\u00e4nest\u00e4jill\u00e4 on oikeus\u00a0tiet\u00e4\u00e4 ennen vaaleja\u00a0millaista politiikkaa puolueet ajavat.\u00a0Vaalit ovat huomenna ja\u00a0Vihreit\u00e4 lukuunottamatta\u00a0kannanottoja ei ole juuri n\u00e4kynyt. T\u00e4st\u00e4 Vantaalla kuitenkin \u00e4\u00e4nestet\u00e4\u00e4n.<\/p>\n","protected":false},"excerpt":{"rendered":"<p>Tulevat kuntavaalit ovat Vantaalla poikkeuksellisen mielenkiintoiset. Kerrankin puolueiden v\u00e4lill\u00e4 on n\u00e4ht\u00e4viss\u00e4\u00a0selkeit\u00e4 eroja. N\u00e4iden vaalien kuumin peruna on ep\u00e4ilem\u00e4tt\u00e4\u00a0talous- ja velkaohjelmaksi kutsuttu peruspalveluiden yksityist\u00e4mis- ja leikkausohjelma. Ohjelmaan sis\u00e4ltyy merkitt\u00e4vi\u00e4 leikkauksia kaikista kunnan peruspalveluista, joista mainittakoon esim. 100 koulunk\u00e4yntiavustajan irtisanominen sek\u00e4 l\u00e4hes 200 000 ty\u00f6tunnin v\u00e4hent\u00e4minen sosiaali- ja terveyspalveluista. Paitsi ett\u00e4 Vantaa tuottaa palvelut jo valmiiksi eritt\u00e4in <a class=\"read-more\" href=\"https:\/\/www.villekarinen.net\/?p=146\" >Read More<\/a><\/p>\n","protected":false},"author":1,"featured_media":0,"comment_status":"open","ping_status":"open","sticky":false,"template":"","format":"standard","meta":{"spay_email":"","jetpack_publicize_message":"","jetpack_is_tweetstorm":false,"jetpack_publicize_feature_enabled":true},"categories":[4],"tags":[],"yoast_head":"<!-- This site is optimized with the Yoast SEO plugin v17.8 - https:\/\/yoast.com\/wordpress\/plugins\/seo\/ -->\n<title>Mist\u00e4 Vantaalla \u00e4\u00e4nestet\u00e4\u00e4n? - VILLE KARINEN<\/title>\n<meta name=\"robots\" content=\"index, follow, max-snippet:-1, max-image-preview:large, max-video-preview:-1\" \/>\n<link rel=\"canonical\" href=\"https:\/\/www.villekarinen.net\/?p=146\" \/>\n<meta property=\"og:locale\" content=\"fi_FI\" \/>\n<meta property=\"og:type\" content=\"article\" \/>\n<meta property=\"og:title\" content=\"Mist\u00e4 Vantaalla \u00e4\u00e4nestet\u00e4\u00e4n? - VILLE KARINEN\" \/>\n<meta property=\"og:description\" content=\"Tulevat kuntavaalit ovat Vantaalla poikkeuksellisen mielenkiintoiset. Kerrankin puolueiden v\u00e4lill\u00e4 on n\u00e4ht\u00e4viss\u00e4\u00a0selkeit\u00e4 eroja. N\u00e4iden vaalien kuumin peruna on ep\u00e4ilem\u00e4tt\u00e4\u00a0talous- ja velkaohjelmaksi kutsuttu peruspalveluiden yksityist\u00e4mis- ja leikkausohjelma. Ohjelmaan sis\u00e4ltyy merkitt\u00e4vi\u00e4 leikkauksia kaikista kunnan peruspalveluista, joista mainittakoon esim. 100 koulunk\u00e4yntiavustajan irtisanominen sek\u00e4 l\u00e4hes 200 000 ty\u00f6tunnin v\u00e4hent\u00e4minen sosiaali- ja terveyspalveluista. Paitsi ett\u00e4 Vantaa tuottaa palvelut jo valmiiksi eritt\u00e4in Read More\" \/>\n<meta property=\"og:url\" content=\"https:\/\/www.villekarinen.net\/?p=146\" \/>\n<meta property=\"og:site_name\" content=\"VILLE KARINEN\" \/>\n<meta property=\"article:publisher\" content=\"https:\/\/www.facebook.com\/karinenville\" \/>\n<meta property=\"article:published_time\" content=\"2012-10-27T19:05:19+00:00\" \/>\n<meta property=\"article:modified_time\" content=\"2012-10-27T20:10:54+00:00\" \/>\n<meta property=\"og:image\" content=\"http:\/\/www.villekarinen.fi\/wp-content\/uploads\/2012\/10\/sakset-300x157.jpg\" \/>\n<meta name=\"twitter:card\" content=\"summary_large_image\" \/>\n<meta name=\"twitter:creator\" content=\"@villekarinen\" \/>\n<meta name=\"twitter:site\" content=\"@villekarinen\" \/>\n<meta name=\"twitter:label1\" content=\"Kirjoittanut\" \/>\n\t<meta name=\"twitter:data1\" content=\"admin\" \/>\n\t<meta name=\"twitter:label2\" content=\"Arvioitu lukuaika\" \/>\n\t<meta name=\"twitter:data2\" content=\"1 minuutti\" \/>\n<script type=\"application\/ld+json\" class=\"yoast-schema-graph\">{\"@context\":\"https:\/\/schema.org\",\"@graph\":[{\"@type\":\"WebSite\",\"@id\":\"https:\/\/www.villekarinen.net\/#website\",\"url\":\"https:\/\/www.villekarinen.net\/\",\"name\":\"VILLE KARINEN\",\"description\":\"Vantaan Vasemmistoliiton puheenjohtaja\",\"potentialAction\":[{\"@type\":\"SearchAction\",\"target\":{\"@type\":\"EntryPoint\",\"urlTemplate\":\"https:\/\/www.villekarinen.net\/?s={search_term_string}\"},\"query-input\":\"required name=search_term_string\"}],\"inLanguage\":\"fi\"},{\"@type\":\"ImageObject\",\"@id\":\"https:\/\/www.villekarinen.net\/?p=146#primaryimage\",\"inLanguage\":\"fi\",\"url\":\"http:\/\/www.villekarinen.fi\/wp-content\/uploads\/2012\/10\/sakset-300x157.jpg\",\"contentUrl\":\"http:\/\/www.villekarinen.fi\/wp-content\/uploads\/2012\/10\/sakset-300x157.jpg\"},{\"@type\":\"WebPage\",\"@id\":\"https:\/\/www.villekarinen.net\/?p=146#webpage\",\"url\":\"https:\/\/www.villekarinen.net\/?p=146\",\"name\":\"Mist\\u00e4 Vantaalla \\u00e4\\u00e4nestet\\u00e4\\u00e4n? - VILLE KARINEN\",\"isPartOf\":{\"@id\":\"https:\/\/www.villekarinen.net\/#website\"},\"primaryImageOfPage\":{\"@id\":\"https:\/\/www.villekarinen.net\/?p=146#primaryimage\"},\"datePublished\":\"2012-10-27T19:05:19+00:00\",\"dateModified\":\"2012-10-27T20:10:54+00:00\",\"author\":{\"@id\":\"https:\/\/www.villekarinen.net\/#\/schema\/person\/7b31dfe83cfb752f2f95789bdf6bda9f\"},\"breadcrumb\":{\"@id\":\"https:\/\/www.villekarinen.net\/?p=146#breadcrumb\"},\"inLanguage\":\"fi\",\"potentialAction\":[{\"@type\":\"ReadAction\",\"target\":[\"https:\/\/www.villekarinen.net\/?p=146\"]}]},{\"@type\":\"BreadcrumbList\",\"@id\":\"https:\/\/www.villekarinen.net\/?p=146#breadcrumb\",\"itemListElement\":[{\"@type\":\"ListItem\",\"position\":1,\"name\":\"Etusivu\",\"item\":\"https:\/\/www.villekarinen.net\/\"},{\"@type\":\"ListItem\",\"position\":2,\"name\":\"Mist\\u00e4 Vantaalla \\u00e4\\u00e4nestet\\u00e4\\u00e4n?\"}]},{\"@type\":\"Person\",\"@id\":\"https:\/\/www.villekarinen.net\/#\/schema\/person\/7b31dfe83cfb752f2f95789bdf6bda9f\",\"name\":\"admin\",\"image\":{\"@type\":\"ImageObject\",\"@id\":\"https:\/\/www.villekarinen.net\/#personlogo\",\"inLanguage\":\"fi\",\"url\":\"https:\/\/secure.gravatar.com\/avatar\/e287abc6db1b2a52486bb7c7557e7f6f?s=96&d=mm&r=g\",\"contentUrl\":\"https:\/\/secure.gravatar.com\/avatar\/e287abc6db1b2a52486bb7c7557e7f6f?s=96&d=mm&r=g\",\"caption\":\"admin\"},\"url\":\"https:\/\/www.villekarinen.net\/?author=1\"}]}<\/script>\n<!-- \/ Yoast SEO plugin. -->","yoast_head_json":{"title":"Mist\u00e4 Vantaalla \u00e4\u00e4nestet\u00e4\u00e4n? - VILLE KARINEN","robots":{"index":"index","follow":"follow","max-snippet":"max-snippet:-1","max-image-preview":"max-image-preview:large","max-video-preview":"max-video-preview:-1"},"canonical":"https:\/\/www.villekarinen.net\/?p=146","og_locale":"fi_FI","og_type":"article","og_title":"Mist\u00e4 Vantaalla \u00e4\u00e4nestet\u00e4\u00e4n? - VILLE KARINEN","og_description":"Tulevat kuntavaalit ovat Vantaalla poikkeuksellisen mielenkiintoiset. Kerrankin puolueiden v\u00e4lill\u00e4 on n\u00e4ht\u00e4viss\u00e4\u00a0selkeit\u00e4 eroja. N\u00e4iden vaalien kuumin peruna on ep\u00e4ilem\u00e4tt\u00e4\u00a0talous- ja velkaohjelmaksi kutsuttu peruspalveluiden yksityist\u00e4mis- ja leikkausohjelma. Ohjelmaan sis\u00e4ltyy merkitt\u00e4vi\u00e4 leikkauksia kaikista kunnan peruspalveluista, joista mainittakoon esim. 100 koulunk\u00e4yntiavustajan irtisanominen sek\u00e4 l\u00e4hes 200 000 ty\u00f6tunnin v\u00e4hent\u00e4minen sosiaali- ja terveyspalveluista. Paitsi ett\u00e4 Vantaa tuottaa palvelut jo valmiiksi eritt\u00e4in Read More","og_url":"https:\/\/www.villekarinen.net\/?p=146","og_site_name":"VILLE KARINEN","article_publisher":"https:\/\/www.facebook.com\/karinenville","article_published_time":"2012-10-27T19:05:19+00:00","article_modified_time":"2012-10-27T20:10:54+00:00","og_image":[{"url":"http:\/\/www.villekarinen.fi\/wp-content\/uploads\/2012\/10\/sakset-300x157.jpg"}],"twitter_card":"summary_large_image","twitter_creator":"@villekarinen","twitter_site":"@villekarinen","twitter_misc":{"Kirjoittanut":"admin","Arvioitu lukuaika":"1 minuutti"},"schema":{"@context":"https:\/\/schema.org","@graph":[{"@type":"WebSite","@id":"https:\/\/www.villekarinen.net\/#website","url":"https:\/\/www.villekarinen.net\/","name":"VILLE KARINEN","description":"Vantaan Vasemmistoliiton puheenjohtaja","potentialAction":[{"@type":"SearchAction","target":{"@type":"EntryPoint","urlTemplate":"https:\/\/www.villekarinen.net\/?s={search_term_string}"},"query-input":"required name=search_term_string"}],"inLanguage":"fi"},{"@type":"ImageObject","@id":"https:\/\/www.villekarinen.net\/?p=146#primaryimage","inLanguage":"fi","url":"http:\/\/www.villekarinen.fi\/wp-content\/uploads\/2012\/10\/sakset-300x157.jpg","contentUrl":"http:\/\/www.villekarinen.fi\/wp-content\/uploads\/2012\/10\/sakset-300x157.jpg"},{"@type":"WebPage","@id":"https:\/\/www.villekarinen.net\/?p=146#webpage","url":"https:\/\/www.villekarinen.net\/?p=146","name":"Mist\u00e4 Vantaalla \u00e4\u00e4nestet\u00e4\u00e4n? - VILLE KARINEN","isPartOf":{"@id":"https:\/\/www.villekarinen.net\/#website"},"primaryImageOfPage":{"@id":"https:\/\/www.villekarinen.net\/?p=146#primaryimage"},"datePublished":"2012-10-27T19:05:19+00:00","dateModified":"2012-10-27T20:10:54+00:00","author":{"@id":"https:\/\/www.villekarinen.net\/#\/schema\/person\/7b31dfe83cfb752f2f95789bdf6bda9f"},"breadcrumb":{"@id":"https:\/\/www.villekarinen.net\/?p=146#breadcrumb"},"inLanguage":"fi","potentialAction":[{"@type":"ReadAction","target":["https:\/\/www.villekarinen.net\/?p=146"]}]},{"@type":"BreadcrumbList","@id":"https:\/\/www.villekarinen.net\/?p=146#breadcrumb","itemListElement":[{"@type":"ListItem","position":1,"name":"Etusivu","item":"https:\/\/www.villekarinen.net\/"},{"@type":"ListItem","position":2,"name":"Mist\u00e4 Vantaalla \u00e4\u00e4nestet\u00e4\u00e4n?"}]},{"@type":"Person","@id":"https:\/\/www.villekarinen.net\/#\/schema\/person\/7b31dfe83cfb752f2f95789bdf6bda9f","name":"admin","image":{"@type":"ImageObject","@id":"https:\/\/www.villekarinen.net\/#personlogo","inLanguage":"fi","url":"https:\/\/secure.gravatar.com\/avatar\/e287abc6db1b2a52486bb7c7557e7f6f?s=96&d=mm&r=g","contentUrl":"https:\/\/secure.gravatar.com\/avatar\/e287abc6db1b2a52486bb7c7557e7f6f?s=96&d=mm&r=g","caption":"admin"},"url":"https:\/\/www.villekarinen.net\/?author=1"}]}},"jetpack_featured_media_url":"","jetpack_publicize_connections":[],"jetpack_shortlink":"https:\/\/wp.me\/p8zKO6-2m","jetpack-related-posts":[{"id":118,"url":"https:\/\/www.villekarinen.net\/?p=118","url_meta":{"origin":146,"position":0},"title":"Kannattaako musiikkiopistojen yksityist\u00e4minen?","date":"8 lokakuun, 2012","format":false,"excerpt":"Osana talouden tasapainottamisohjelmaansa Vantaan kaupunki suunnittelee lukuisten palveluiden yksityist\u00e4mist\u00e4, yhti\u00f6itt\u00e4mist\u00e4 ja ulkoistamista. My\u00f6s taiteen perusopetuksen yksityist\u00e4minen on er\u00e4s ohjelman osa-alue. Musiikkiopistoon ja kuvataidekouluun kohdistettavien s\u00e4\u00e4st\u00f6toimenpiteiden kohdalla yksityist\u00e4mistoimenpiteell\u00e4 saatavia s\u00e4\u00e4st\u00f6tavoitteita ei ole kuitenkaan mainittu. Jostain syyst\u00e4 ne on kuitenkin haluttu sis\u00e4llytt\u00e4\u00e4 ohjelmaan vaikka n\u00e4k\u00f6j\u00e4\u00e4n k\u00e4sityst\u00e4 mahdollisista s\u00e4\u00e4st\u00f6ist\u00e4 ei ole. \u00a0 Tietoa\u2026","rel":"","context":"Kategoriassa &quot;kulttuuripolitiikka&quot;","img":{"alt_text":"","src":"https:\/\/i2.wp.com\/www.villekarinen.fi\/wp-content\/uploads\/2012\/10\/kustannukset_pieni.jpg?resize=350%2C200","width":350,"height":200},"classes":[]},{"id":6,"url":"https:\/\/www.villekarinen.net\/?p=6","url_meta":{"origin":146,"position":1},"title":"Ajakaa enemm\u00e4n, lukekaa v\u00e4hemm\u00e4n!","date":"23 elokuun, 2012","format":false,"excerpt":"Vantaan kaupunki on k\u00e4ytt\u00e4m\u00e4ss\u00e4 40 miljoonaa euroa keh\u00e4 III:n kehitt\u00e4misen toiseen vaiheeseen. Lis\u00e4ksi Vantaa on rahoittamassa hankkeen valtion osuutta v\u00e4liaikaisella 50 miljoonan euron lainalla. Samaan aikaan Vantaalla on k\u00e4ynniss\u00e4 talouden tasapainottamis- ja velkaohjelma (suom. kaupunki s\u00e4\u00e4st\u00e4\u00e4 leikkaamalla peruspalveluista). Vantaan sivistystoimessa on luvassa mm. Ensimm\u00e4isen ja toisen luokan opetustuntien v\u00e4hent\u00e4minen lain\u2026","rel":"","context":"Kategoriassa &quot;Vantaa&quot;","img":{"alt_text":"","src":"https:\/\/i0.wp.com\/184.173.8.62\/~villekar\/wp-content\/uploads\/2012\/08\/Keha_III_aerial.jpg?resize=350%2C200","width":350,"height":200},"classes":[]},{"id":1233,"url":"https:\/\/www.villekarinen.net\/?p=1233","url_meta":{"origin":146,"position":2},"title":"Kaupunki kuuluu muillekin kuin \u201dhyville veronmaksajille\u201d","date":"20 lokakuun, 2020","format":false,"excerpt":"Kirjoitukseni Vantaan sanomissa 16.9.2020 Viime aikoina julkisuudessa on k\u00e4yty kiivasta keskustelua Vantaan pikaraitiotiehankkeesta. Raitiotien vastustajat ovat esitt\u00e4neet er\u00e4\u00e4n\u00e4 argumenttina, ett\u00e4 It\u00e4-Vantaalla Hakunilassa ja L\u00e4nsim\u00e4ess\u00e4 ei asu riitt\u00e4v\u00e4sti \u201dhyvi\u00e4 veronmaksajia\u201d, jotta alueelle kannattaisi tehd\u00e4 investointeja tai tarjota kunnallisia palveluita. T\u00e4llainen puhe on mielest\u00e4ni huolestuttavaa ja loukkaa hyvin suurta osaa Vantaan asukkaista.\u2026","rel":"","context":"Kategoriassa &quot;kunnallispolitiikka&quot;","img":{"alt_text":"","src":"","width":0,"height":0},"classes":[]},{"id":937,"url":"https:\/\/www.villekarinen.net\/?p=937","url_meta":{"origin":146,"position":3},"title":"Vantaan on ryhdytt\u00e4v\u00e4 kapinaan koulutusleikkauksia vastaan","date":"1 huhtikuun, 2017","format":false,"excerpt":"Lasten ja nuorten hyvinvointiin ja koulutukseen sijoittaminen on keskeinen tekij\u00e4, joka ratkaisee sen mihin suuntaan Vantaa tulevaisuudessa kehittyy. \u00a0T\u00e4ll\u00e4 hetkell\u00e4 tilanne on huolestuttava. Vantaalaisista 20-30 vuotiaista nuorista 26%:lla, eli l\u00e4hes 8000:lla\u00a0ei ole peruskoulun j\u00e4lkeist\u00e4 koulutusta.\u00a0 Kuuteen suurimpaan kaupunkiin verrattuna Vantaalla on my\u00f6s eniten peruskoulun j\u00e4lkeisen koulutuksen ulkopuolelle j\u00e4\u00e4neit\u00e4 17-24 -vuotiaita\u2026","rel":"","context":"Kategoriassa &quot;kunnallispolitiikka&quot;","img":{"alt_text":"","src":"","width":0,"height":0},"classes":[]},{"id":1021,"url":"https:\/\/www.villekarinen.net\/?p=1021","url_meta":{"origin":146,"position":4},"title":"Kaupungin palveluista ei pid\u00e4 tehd\u00e4 sijoitusbisnest\u00e4 &#8211; Vantaan tulee vet\u00e4yty\u00e4 SIB-hankkeesta","date":"6 marraskuun, 2018","format":false,"excerpt":"Vantaan kaupunki on l\u00e4hd\u00f6ss\u00e4 mukaan uudenlaiseen tapaan rahoittaa julkisiapalveluita. Kyseess\u00e4 on tulosperusteinen rahoitusopimus eli SIB-vaikuttavuusinvestointi(SIB=social impact bond). Malli toimii siten, ett\u00e4 yksityisilt\u00e4 sijoittajilta ker\u00e4tyill\u00e4 sijoituksilla perustettu rahasto investoi esim. lastensuojelun ehk\u00e4iseviin toimenpiteisiin. Mik\u00e4li toimenpiteill\u00e4 saavutetaan asetetut tavoitteet kaupunki palauttaa sijoittajille rahaston sijoittaman p\u00e4\u00e4oman sek\u00e4 p\u00e4\u00e4omalle sovitun tuoton, joka Vantaan tapauksessa\u2026","rel":"","context":"Kategoriassa &quot;kunnallispolitiikka&quot;","img":{"alt_text":"","src":"","width":0,"height":0},"classes":[]},{"id":16,"url":"https:\/\/www.villekarinen.net\/?p=16","url_meta":{"origin":146,"position":5},"title":"Vantaa &#8211; Suomen surkein kulttuurikunta?","date":"29 elokuun, 2012","format":false,"excerpt":"Kuntaliitto ja Kulttuuripoliittisen tutkimuksen edist\u00e4miss\u00e4\u00e4ti\u00f6 Cupore julkaisivat t\u00e4m\u00e4n vuoden alussa raportin \"Kuntien kulttuuritoiminta lukujen valossa\". Raportti on suositeltavaa luettavaa kaikille kuntien kulttuuritoiminnan ja kulttuuripolitiikan parissa puuhaileville. Tutkimuksessa vertaillaan 25 suomalaisen kunnan panostuksia kulttuuritoimintaan. Kulttuuritoiminta\u00a0m\u00e4\u00e4riteltiin tutkimuksessa laajasti k\u00e4sitt\u00e4en kirjastot, taide- ja kulttuurilaitokset, kulttuuritalot ja kulttuurikeskukset, taideoppilaitokset ja taiteen perusopetus, kunnan yleinen\u2026","rel":"","context":"Kategoriassa &quot;kulttuuripolitiikka&quot;","img":{"alt_text":"","src":"","width":0,"height":0},"classes":[]}],"_links":{"self":[{"href":"https:\/\/www.villekarinen.net\/index.php?rest_route=\/wp\/v2\/posts\/146"}],"collection":[{"href":"https:\/\/www.villekarinen.net\/index.php?rest_route=\/wp\/v2\/posts"}],"about":[{"href":"https:\/\/www.villekarinen.net\/index.php?rest_route=\/wp\/v2\/types\/post"}],"author":[{"embeddable":true,"href":"https:\/\/www.villekarinen.net\/index.php?rest_route=\/wp\/v2\/users\/1"}],"replies":[{"embeddable":true,"href":"https:\/\/www.villekarinen.net\/index.php?rest_route=%2Fwp%2Fv2%2Fcomments&post=146"}],"version-history":[{"count":18,"href":"https:\/\/www.villekarinen.net\/index.php?rest_route=\/wp\/v2\/posts\/146\/revisions"}],"predecessor-version":[{"id":165,"href":"https:\/\/www.villekarinen.net\/index.php?rest_route=\/wp\/v2\/posts\/146\/revisions\/165"}],"wp:attachment":[{"href":"https:\/\/www.villekarinen.net\/index.php?rest_route=%2Fwp%2Fv2%2Fmedia&parent=146"}],"wp:term":[{"taxonomy":"category","embeddable":true,"href":"https:\/\/www.villekarinen.net\/index.php?rest_route=%2Fwp%2Fv2%2Fcategories&post=146"},{"taxonomy":"post_tag","embeddable":true,"href":"https:\/\/www.villekarinen.net\/index.php?rest_route=%2Fwp%2Fv2%2Ftags&post=146"}],"curies":[{"name":"wp","href":"https:\/\/api.w.org\/{rel}","templated":true}]}}