{"id":1541,"date":"2022-01-31T18:12:56","date_gmt":"2022-01-31T16:12:56","guid":{"rendered":"https:\/\/www.villekarinen.net\/?p=1541"},"modified":"2022-01-31T18:13:01","modified_gmt":"2022-01-31T16:13:01","slug":"vantaa-haluaa-myyda-kehitysvammaisten-kodit-kiinteistosijoittajille","status":"publish","type":"post","link":"https:\/\/www.villekarinen.net\/?p=1541","title":{"rendered":"Vantaa haluaa myyd\u00e4 kehitysvammaisten kodit kiinteist\u00f6sijoittajille"},"content":{"rendered":"\n<p>Hyvinvointialueuudistukseen liittyen Vantaan kaupunginhallituksessa k\u00e4siteltiin maanantaina 31.1.2022 Vantaan kaupungin lausuntoa Eteva kuntayhtym\u00e4n antamaan selvitykseen Etevalta hyvinvointialueille siirtyv\u00e4st\u00e4 omaisuudesta. Eteva kuntayhtym\u00e4 on Uudenmaan ja Etel\u00e4-H\u00e4meen erityishuoltopiiri, joka tuottaa palveluita mm. kehitysvammaisille, aikuisi\u00e4ll\u00e4 vammautuneille sek\u00e4 mielenterveyskuntoutujille. Hyvinvointialueuudistuksen my\u00f6t\u00e4 vastuu n\u00e4ist\u00e4 palveluista on siirtym\u00e4ss\u00e4 hyvinvointialueilla ja Eteva kuntayhtym\u00e4 tullaan t\u00e4st\u00e4 syyst\u00e4 purkamaan.<\/p>\n\n\n\n<p>Eteva omistaa kokonaisuudessaan Uudenmaan vammaispalvelut oy:n joka omistaa, hallinnoi, yll\u00e4pit\u00e4\u00e4 ja hankkii Etevan omistamia kiinteist\u00f6j\u00e4. Asunnot ovat p\u00e4\u00e4osin kehitysvammaisten ja muiden erityist\u00e4 tukea tarvitsevien ryhm\u00e4koteja, joihin Eteva on tuottanut asukkaiden tarvitsemat palvelut. Kaupunginhallitukselle tuodussa Vantaan kaupungin lausunnossa esitettiin, ett\u00e4 ennen Eteva-yhtym\u00e4n purkamista yhti\u00f6n kiinteist\u00f6omaisuus tulisi myyd\u00e4. Mit\u00e4 luultavimmin t\u00e4m\u00e4 tarkoittaa sit\u00e4, ett\u00e4 asunnot p\u00e4\u00e4tyisiv\u00e4t yksityisten kiinteist\u00f6sijoittajien omistukseen.&nbsp;<\/p>\n\n\n\n<p>Vasemmistoliiton edustajana kaupunginhallituksessa esitin Vantaan kaupungin lausunnon muuttamista siten, ett\u00e4 Vantaa ei esit\u00e4 Etevan omistaman Uudenmaan vammaispalvelut oy:n osakkeiden tai kiinteist\u00f6jen myynti\u00e4. Asiasta jouduttiin \u00e4\u00e4nest\u00e4m\u00e4\u00e4n ja valitettavasti h\u00e4visimme \u00e4\u00e4nestyksess\u00e4 vain Vasemmistoliiton ja demareiden vastustaessa kiinteist\u00f6jen myynti\u00e4.&nbsp;<\/p>\n\n\n\n<p>Kiinteist\u00f6sijoittajat l\u00e4ht\u00f6kohtaisesti pyrkiv\u00e4t saamaan tuottoa kiinteist\u00f6ihin sijoittamalleen p\u00e4\u00e4omalle. T\u00e4m\u00e4 johtaa v\u00e4ist\u00e4m\u00e4tt\u00e4 asumisen kustannusten nousuun. Asuntojen myynti voi olla Vantaan kaupungin organisaation kannalta kannattava ratkaisu, mutta yhteiskunnallisessa kokonaistarkastelussa myyminen ei ole kannattava eik\u00e4 j\u00e4rkev\u00e4 ratkaisu. Pitk\u00e4ll\u00e4 t\u00e4ht\u00e4imell\u00e4 kiinteist\u00f6jen myyminen voi my\u00f6s vaarantaa asukkaiden asumisen jatkuvuuden palveluiden kilpailuttamistilanteessa.<\/p>\n\n\n\n<p>T\u00e4st\u00e4 johtuen Vasemmistoliitto j\u00e4tti kaupunginhallituksen p\u00e4\u00e4t\u00f6kseen seuraavan p\u00f6yt\u00e4kirjalausuman:<\/p>\n\n\n\n<p>\u201cVasemmistoliiton mielest\u00e4 Etevan omistamien Uudenmaan Vammaispalvelut oy:n osakkeiden myynti ei ole Vantaan kaupungin asukkaiden eik\u00e4 Vantaan ja Keravan hyvinvointialueen asukkaiden kokonaisedun mukainen ratkaisu. Asuntojen myynti yksityisille sijoittajille johtaa pitk\u00e4ll\u00e4 t\u00e4ht\u00e4imell\u00e4 v\u00e4ist\u00e4m\u00e4tt\u00e4 kustannusten nousuun ja palveluiden heikentymiseen. Asuntojen myynti voi vaarantaa my\u00f6s asukkaiden asumisen jatkuvuuden ja aiheuttaa turhaa k\u00e4rsimyst\u00e4 yhti\u00f6n omistamien kiinteist\u00f6jen erityisen haavoittuvassa asemassa oleville asukkaille.\u201d<\/p>\n\n\n\n<p>Vantaan kaupunki on vain yksi Eteva kuntayhtym\u00e4n omistajista 12% osuudella. Etevan toiseksi suurimpana omistajana sill\u00e4 on kuitenkin paljon vaikutusvaltaa Etevan p\u00e4\u00e4t\u00f6ksenteossa. Toivotaan, ett\u00e4 muissa yhtym\u00e4n omistajakunnista l\u00f6ytyisi j\u00e4rke\u00e4 vastustaa t\u00e4t\u00e4 suunnitelmaa.<\/p>\n","protected":false},"excerpt":{"rendered":"<p>Hyvinvointialueuudistukseen liittyen Vantaan kaupunginhallituksessa k\u00e4siteltiin maanantaina 31.1.2022 Vantaan kaupungin lausuntoa Eteva kuntayhtym\u00e4n antamaan selvitykseen Etevalta hyvinvointialueille siirtyv\u00e4st\u00e4 omaisuudesta. Eteva kuntayhtym\u00e4 on Uudenmaan ja Etel\u00e4-H\u00e4meen erityishuoltopiiri, joka tuottaa palveluita mm. kehitysvammaisille, aikuisi\u00e4ll\u00e4 vammautuneille sek\u00e4 mielenterveyskuntoutujille. Hyvinvointialueuudistuksen my\u00f6t\u00e4 vastuu n\u00e4ist\u00e4 palveluista on siirtym\u00e4ss\u00e4 hyvinvointialueilla ja Eteva kuntayhtym\u00e4 tullaan t\u00e4st\u00e4 syyst\u00e4 purkamaan. Eteva omistaa kokonaisuudessaan Uudenmaan vammaispalvelut oy:n <a class=\"read-more\" href=\"https:\/\/www.villekarinen.net\/?p=1541\" >Read More<\/a><\/p>\n","protected":false},"author":1,"featured_media":0,"comment_status":"closed","ping_status":"open","sticky":false,"template":"","format":"standard","meta":{"spay_email":"","jetpack_publicize_message":"","jetpack_is_tweetstorm":false,"jetpack_publicize_feature_enabled":true},"categories":[4],"tags":[],"yoast_head":"<!-- This site is optimized with the Yoast SEO plugin v17.8 - https:\/\/yoast.com\/wordpress\/plugins\/seo\/ -->\n<title>Vantaa haluaa myyd\u00e4 kehitysvammaisten kodit kiinteist\u00f6sijoittajille - VILLE KARINEN<\/title>\n<meta name=\"robots\" content=\"index, follow, max-snippet:-1, max-image-preview:large, max-video-preview:-1\" \/>\n<link rel=\"canonical\" href=\"https:\/\/www.villekarinen.net\/?p=1541\" \/>\n<meta property=\"og:locale\" content=\"fi_FI\" \/>\n<meta property=\"og:type\" content=\"article\" \/>\n<meta property=\"og:title\" content=\"Vantaa haluaa myyd\u00e4 kehitysvammaisten kodit kiinteist\u00f6sijoittajille - VILLE KARINEN\" \/>\n<meta property=\"og:description\" content=\"Hyvinvointialueuudistukseen liittyen Vantaan kaupunginhallituksessa k\u00e4siteltiin maanantaina 31.1.2022 Vantaan kaupungin lausuntoa Eteva kuntayhtym\u00e4n antamaan selvitykseen Etevalta hyvinvointialueille siirtyv\u00e4st\u00e4 omaisuudesta. Eteva kuntayhtym\u00e4 on Uudenmaan ja Etel\u00e4-H\u00e4meen erityishuoltopiiri, joka tuottaa palveluita mm. kehitysvammaisille, aikuisi\u00e4ll\u00e4 vammautuneille sek\u00e4 mielenterveyskuntoutujille. Hyvinvointialueuudistuksen my\u00f6t\u00e4 vastuu n\u00e4ist\u00e4 palveluista on siirtym\u00e4ss\u00e4 hyvinvointialueilla ja Eteva kuntayhtym\u00e4 tullaan t\u00e4st\u00e4 syyst\u00e4 purkamaan. Eteva omistaa kokonaisuudessaan Uudenmaan vammaispalvelut oy:n Read More\" \/>\n<meta property=\"og:url\" content=\"https:\/\/www.villekarinen.net\/?p=1541\" \/>\n<meta property=\"og:site_name\" content=\"VILLE KARINEN\" \/>\n<meta property=\"article:publisher\" content=\"https:\/\/www.facebook.com\/karinenville\" \/>\n<meta property=\"article:published_time\" content=\"2022-01-31T16:12:56+00:00\" \/>\n<meta property=\"article:modified_time\" content=\"2022-01-31T16:13:01+00:00\" \/>\n<meta property=\"og:image\" content=\"https:\/\/i1.wp.com\/www.villekarinen.net\/wp-content\/uploads\/2025\/04\/Ville-Karinen_rintakuva_some.jpg?fit=1181%2C1575&#038;ssl=1\" \/>\n\t<meta property=\"og:image:width\" content=\"1181\" \/>\n\t<meta property=\"og:image:height\" content=\"1575\" \/>\n<meta name=\"twitter:card\" content=\"summary_large_image\" \/>\n<meta name=\"twitter:creator\" content=\"@villekarinen\" \/>\n<meta name=\"twitter:site\" content=\"@villekarinen\" \/>\n<meta name=\"twitter:label1\" content=\"Kirjoittanut\" \/>\n\t<meta name=\"twitter:data1\" content=\"admin\" \/>\n\t<meta name=\"twitter:label2\" content=\"Arvioitu lukuaika\" \/>\n\t<meta name=\"twitter:data2\" content=\"2 minuuttia\" \/>\n<script type=\"application\/ld+json\" class=\"yoast-schema-graph\">{\"@context\":\"https:\/\/schema.org\",\"@graph\":[{\"@type\":\"WebSite\",\"@id\":\"https:\/\/www.villekarinen.net\/#website\",\"url\":\"https:\/\/www.villekarinen.net\/\",\"name\":\"VILLE KARINEN\",\"description\":\"Vantaan Vasemmistoliiton puheenjohtaja\",\"potentialAction\":[{\"@type\":\"SearchAction\",\"target\":{\"@type\":\"EntryPoint\",\"urlTemplate\":\"https:\/\/www.villekarinen.net\/?s={search_term_string}\"},\"query-input\":\"required name=search_term_string\"}],\"inLanguage\":\"fi\"},{\"@type\":\"WebPage\",\"@id\":\"https:\/\/www.villekarinen.net\/?p=1541#webpage\",\"url\":\"https:\/\/www.villekarinen.net\/?p=1541\",\"name\":\"Vantaa haluaa myyd\\u00e4 kehitysvammaisten kodit kiinteist\\u00f6sijoittajille - VILLE KARINEN\",\"isPartOf\":{\"@id\":\"https:\/\/www.villekarinen.net\/#website\"},\"datePublished\":\"2022-01-31T16:12:56+00:00\",\"dateModified\":\"2022-01-31T16:13:01+00:00\",\"author\":{\"@id\":\"https:\/\/www.villekarinen.net\/#\/schema\/person\/7b31dfe83cfb752f2f95789bdf6bda9f\"},\"breadcrumb\":{\"@id\":\"https:\/\/www.villekarinen.net\/?p=1541#breadcrumb\"},\"inLanguage\":\"fi\",\"potentialAction\":[{\"@type\":\"ReadAction\",\"target\":[\"https:\/\/www.villekarinen.net\/?p=1541\"]}]},{\"@type\":\"BreadcrumbList\",\"@id\":\"https:\/\/www.villekarinen.net\/?p=1541#breadcrumb\",\"itemListElement\":[{\"@type\":\"ListItem\",\"position\":1,\"name\":\"Etusivu\",\"item\":\"https:\/\/www.villekarinen.net\/\"},{\"@type\":\"ListItem\",\"position\":2,\"name\":\"Vantaa haluaa myyd\\u00e4 kehitysvammaisten kodit kiinteist\\u00f6sijoittajille\"}]},{\"@type\":\"Person\",\"@id\":\"https:\/\/www.villekarinen.net\/#\/schema\/person\/7b31dfe83cfb752f2f95789bdf6bda9f\",\"name\":\"admin\",\"image\":{\"@type\":\"ImageObject\",\"@id\":\"https:\/\/www.villekarinen.net\/#personlogo\",\"inLanguage\":\"fi\",\"url\":\"https:\/\/secure.gravatar.com\/avatar\/e287abc6db1b2a52486bb7c7557e7f6f?s=96&d=mm&r=g\",\"contentUrl\":\"https:\/\/secure.gravatar.com\/avatar\/e287abc6db1b2a52486bb7c7557e7f6f?s=96&d=mm&r=g\",\"caption\":\"admin\"},\"url\":\"https:\/\/www.villekarinen.net\/?author=1\"}]}<\/script>\n<!-- \/ Yoast SEO plugin. -->","yoast_head_json":{"title":"Vantaa haluaa myyd\u00e4 kehitysvammaisten kodit kiinteist\u00f6sijoittajille - VILLE KARINEN","robots":{"index":"index","follow":"follow","max-snippet":"max-snippet:-1","max-image-preview":"max-image-preview:large","max-video-preview":"max-video-preview:-1"},"canonical":"https:\/\/www.villekarinen.net\/?p=1541","og_locale":"fi_FI","og_type":"article","og_title":"Vantaa haluaa myyd\u00e4 kehitysvammaisten kodit kiinteist\u00f6sijoittajille - VILLE KARINEN","og_description":"Hyvinvointialueuudistukseen liittyen Vantaan kaupunginhallituksessa k\u00e4siteltiin maanantaina 31.1.2022 Vantaan kaupungin lausuntoa Eteva kuntayhtym\u00e4n antamaan selvitykseen Etevalta hyvinvointialueille siirtyv\u00e4st\u00e4 omaisuudesta. Eteva kuntayhtym\u00e4 on Uudenmaan ja Etel\u00e4-H\u00e4meen erityishuoltopiiri, joka tuottaa palveluita mm. kehitysvammaisille, aikuisi\u00e4ll\u00e4 vammautuneille sek\u00e4 mielenterveyskuntoutujille. Hyvinvointialueuudistuksen my\u00f6t\u00e4 vastuu n\u00e4ist\u00e4 palveluista on siirtym\u00e4ss\u00e4 hyvinvointialueilla ja Eteva kuntayhtym\u00e4 tullaan t\u00e4st\u00e4 syyst\u00e4 purkamaan. Eteva omistaa kokonaisuudessaan Uudenmaan vammaispalvelut oy:n Read More","og_url":"https:\/\/www.villekarinen.net\/?p=1541","og_site_name":"VILLE KARINEN","article_publisher":"https:\/\/www.facebook.com\/karinenville","article_published_time":"2022-01-31T16:12:56+00:00","article_modified_time":"2022-01-31T16:13:01+00:00","og_image":[{"width":1181,"height":1575,"url":"https:\/\/i1.wp.com\/www.villekarinen.net\/wp-content\/uploads\/2025\/04\/Ville-Karinen_rintakuva_some.jpg?fit=1181%2C1575&ssl=1","type":"image\/jpeg"}],"twitter_card":"summary_large_image","twitter_creator":"@villekarinen","twitter_site":"@villekarinen","twitter_misc":{"Kirjoittanut":"admin","Arvioitu lukuaika":"2 minuuttia"},"schema":{"@context":"https:\/\/schema.org","@graph":[{"@type":"WebSite","@id":"https:\/\/www.villekarinen.net\/#website","url":"https:\/\/www.villekarinen.net\/","name":"VILLE KARINEN","description":"Vantaan Vasemmistoliiton puheenjohtaja","potentialAction":[{"@type":"SearchAction","target":{"@type":"EntryPoint","urlTemplate":"https:\/\/www.villekarinen.net\/?s={search_term_string}"},"query-input":"required name=search_term_string"}],"inLanguage":"fi"},{"@type":"WebPage","@id":"https:\/\/www.villekarinen.net\/?p=1541#webpage","url":"https:\/\/www.villekarinen.net\/?p=1541","name":"Vantaa haluaa myyd\u00e4 kehitysvammaisten kodit kiinteist\u00f6sijoittajille - VILLE KARINEN","isPartOf":{"@id":"https:\/\/www.villekarinen.net\/#website"},"datePublished":"2022-01-31T16:12:56+00:00","dateModified":"2022-01-31T16:13:01+00:00","author":{"@id":"https:\/\/www.villekarinen.net\/#\/schema\/person\/7b31dfe83cfb752f2f95789bdf6bda9f"},"breadcrumb":{"@id":"https:\/\/www.villekarinen.net\/?p=1541#breadcrumb"},"inLanguage":"fi","potentialAction":[{"@type":"ReadAction","target":["https:\/\/www.villekarinen.net\/?p=1541"]}]},{"@type":"BreadcrumbList","@id":"https:\/\/www.villekarinen.net\/?p=1541#breadcrumb","itemListElement":[{"@type":"ListItem","position":1,"name":"Etusivu","item":"https:\/\/www.villekarinen.net\/"},{"@type":"ListItem","position":2,"name":"Vantaa haluaa myyd\u00e4 kehitysvammaisten kodit kiinteist\u00f6sijoittajille"}]},{"@type":"Person","@id":"https:\/\/www.villekarinen.net\/#\/schema\/person\/7b31dfe83cfb752f2f95789bdf6bda9f","name":"admin","image":{"@type":"ImageObject","@id":"https:\/\/www.villekarinen.net\/#personlogo","inLanguage":"fi","url":"https:\/\/secure.gravatar.com\/avatar\/e287abc6db1b2a52486bb7c7557e7f6f?s=96&d=mm&r=g","contentUrl":"https:\/\/secure.gravatar.com\/avatar\/e287abc6db1b2a52486bb7c7557e7f6f?s=96&d=mm&r=g","caption":"admin"},"url":"https:\/\/www.villekarinen.net\/?author=1"}]}},"jetpack_featured_media_url":"","jetpack_publicize_connections":[],"jetpack_shortlink":"https:\/\/wp.me\/p8zKO6-oR","jetpack-related-posts":[{"id":1784,"url":"https:\/\/www.villekarinen.net\/?p=1784","url_meta":{"origin":1541,"position":0},"title":"Valtuustoaloite: Lasten viikonloppu- ja iltap\u00e4ivystys Vantaan ja Keravan hyvinvointialueelle","date":"23 maaliskuun, 2025","format":false,"excerpt":"J\u00e4tin Vantaan ja Keravan hyvinvointialueen valtuustossa 10.2.2025 valtuustoaloitteen, jossa esitet\u00e4\u00e4n lasten viikonloppu- ja iltap\u00e4ivystystoiminnan k\u00e4ynnist\u00e4mist\u00e4 Vantaan ja Keravan hyvinvointialueella. Aloitteeni kuuluu seuraavasti: \u00a0 \"Lasten viikonloppu- ja iltap\u00e4ivystys Vantaan ja Keravan hyvinvointialueelle \u00a0 Me allekirjoittaneet Vantaan ja Keravan hyvinvointialueen valtuuston j\u00e4senet esit\u00e4mme, ett\u00e4 alueelle perustetaan lasten viikonloppu- ja iltap\u00e4ivystystoiminta, joka on\u2026","rel":"","context":"Kategoriassa &quot;kunnallispolitiikka&quot;","img":{"alt_text":"","src":"","width":0,"height":0},"classes":[]},{"id":16,"url":"https:\/\/www.villekarinen.net\/?p=16","url_meta":{"origin":1541,"position":1},"title":"Vantaa &#8211; Suomen surkein kulttuurikunta?","date":"29 elokuun, 2012","format":false,"excerpt":"Kuntaliitto ja Kulttuuripoliittisen tutkimuksen edist\u00e4miss\u00e4\u00e4ti\u00f6 Cupore julkaisivat t\u00e4m\u00e4n vuoden alussa raportin \"Kuntien kulttuuritoiminta lukujen valossa\". Raportti on suositeltavaa luettavaa kaikille kuntien kulttuuritoiminnan ja kulttuuripolitiikan parissa puuhaileville. Tutkimuksessa vertaillaan 25 suomalaisen kunnan panostuksia kulttuuritoimintaan. Kulttuuritoiminta\u00a0m\u00e4\u00e4riteltiin tutkimuksessa laajasti k\u00e4sitt\u00e4en kirjastot, taide- ja kulttuurilaitokset, kulttuuritalot ja kulttuurikeskukset, taideoppilaitokset ja taiteen perusopetus, kunnan yleinen\u2026","rel":"","context":"Kategoriassa &quot;kulttuuripolitiikka&quot;","img":{"alt_text":"","src":"","width":0,"height":0},"classes":[]},{"id":1836,"url":"https:\/\/www.villekarinen.net\/?p=1836","url_meta":{"origin":1541,"position":2},"title":"Jos Vantaa ei rakenna ratikkaa, se maksaa siit\u00e4 viel\u00e4 enemm\u00e4n","date":"7 marraskuun, 2025","format":false,"excerpt":"Vantaan ratikan kustannusarvio on vastik\u00e4\u00e4n tarkentunut merkitt\u00e4v\u00e4sti. Kaupungin tuoreen tiedotteen mukaan hankkeen Vantaan rahoitusosuus olisi 541 miljoonaa euroa. Summa on selv\u00e4sti suurempi kuin vuoden 2023 hankesuunnitelmassa, jossa Vantaan rahoitusosuus oli 448 miljoonaa euroa.\u00a0Ei ole yll\u00e4tt\u00e4v\u00e4\u00e4, ett\u00e4 kustannusnousu on her\u00e4tt\u00e4nyt kiivastakin keskustelua. Olisi kuitenkin suuri virhe keskitty\u00e4 pelk\u00e4st\u00e4\u00e4n ratikan hintaan ja\u2026","rel":"","context":"Kategoriassa &quot;kunnallispolitiikka&quot;","img":{"alt_text":"","src":"https:\/\/i1.wp.com\/www.villekarinen.net\/wp-content\/uploads\/2025\/11\/ChatGPT-Image-7.-marrask.-2025-klo-21.59.20.png?fit=1200%2C800&ssl=1&resize=350%2C200","width":350,"height":200},"classes":[]},{"id":719,"url":"https:\/\/www.villekarinen.net\/?p=719","url_meta":{"origin":1541,"position":3},"title":"L\u00e4hi\u00f6iden Vantaa","date":"24 helmikuun, 2017","format":false,"excerpt":"Vantaa on l\u00e4hi\u00f6iden kaupunki. Kaupunkirakenne on Vantaalla eritt\u00e4in hajanainen. Kaupungilta puuttuu selke\u00e4 keskusta. Hajanainen kaupunkirakenne on haasteellinen kunnallisten palveluiden tuottamisen kannalta. Kaupunkimaisempi yhdyskuntarakenne mahdollistaa palveluiden tuottamisen tehokkaammin, koska palveluita voidaan keskitt\u00e4\u00e4 niiden saatavuuden merkitt\u00e4v\u00e4sti k\u00e4rsim\u00e4tt\u00e4. Vantaan tyyppisess\u00e4 hajanaisesti rakentuneessa kaupungissa palveluiden keskitt\u00e4minen olisi kuitenkin katastrofaalinen ratkaisu. Vaikka palveluiden tuottaminen olisikin\u2026","rel":"","context":"Kategoriassa &quot;kunnallispolitiikka&quot;","img":{"alt_text":"","src":"","width":0,"height":0},"classes":[]},{"id":937,"url":"https:\/\/www.villekarinen.net\/?p=937","url_meta":{"origin":1541,"position":4},"title":"Vantaan on ryhdytt\u00e4v\u00e4 kapinaan koulutusleikkauksia vastaan","date":"1 huhtikuun, 2017","format":false,"excerpt":"Lasten ja nuorten hyvinvointiin ja koulutukseen sijoittaminen on keskeinen tekij\u00e4, joka ratkaisee sen mihin suuntaan Vantaa tulevaisuudessa kehittyy. \u00a0T\u00e4ll\u00e4 hetkell\u00e4 tilanne on huolestuttava. Vantaalaisista 20-30 vuotiaista nuorista 26%:lla, eli l\u00e4hes 8000:lla\u00a0ei ole peruskoulun j\u00e4lkeist\u00e4 koulutusta.\u00a0 Kuuteen suurimpaan kaupunkiin verrattuna Vantaalla on my\u00f6s eniten peruskoulun j\u00e4lkeisen koulutuksen ulkopuolelle j\u00e4\u00e4neit\u00e4 17-24 -vuotiaita\u2026","rel":"","context":"Kategoriassa &quot;kunnallispolitiikka&quot;","img":{"alt_text":"","src":"","width":0,"height":0},"classes":[]},{"id":897,"url":"https:\/\/www.villekarinen.net\/?p=897","url_meta":{"origin":1541,"position":5},"title":"Vantaalla ei ole varaa s\u00e4\u00e4st\u00e4\u00e4 kirjastopalveluista","date":"24 maaliskuun, 2017","format":false,"excerpt":"Vantaan kirjastopalveluiden rahoitus on huolestuttavassa tilassa. Kuudesta suurimmasta Suomalaisesta kaupungista Vantaa sijoittaa kaikista v\u00e4hiten kirjastopalveluihinsa. Kuten alla olevasta taulukosta on n\u00e4ht\u00e4viss\u00e4 ero vastaavan kokoisiin muihin Suomalaisiin kaupunkeihin on huomattava. Esimerkiksi, Espooseen verrattuna Vantaa k\u00e4ytt\u00e4\u00e4 kirjastopalveluihinsa l\u00e4hes puolet v\u00e4hemm\u00e4n asukasta kohti. Kaavio: Kirjaston toimintakulut euroina asukasta kohden kuudessa suurimmassa Suomalaisessa kaupungissa\u2026","rel":"","context":"Kategoriassa &quot;kunnallispolitiikka&quot;","img":{"alt_text":"","src":"https:\/\/i0.wp.com\/www.villekarinen.fi\/wp-content\/uploads\/2017\/03\/toimintakulut-1024x836.jpeg?resize=350%2C200","width":350,"height":200},"classes":[]}],"_links":{"self":[{"href":"https:\/\/www.villekarinen.net\/index.php?rest_route=\/wp\/v2\/posts\/1541"}],"collection":[{"href":"https:\/\/www.villekarinen.net\/index.php?rest_route=\/wp\/v2\/posts"}],"about":[{"href":"https:\/\/www.villekarinen.net\/index.php?rest_route=\/wp\/v2\/types\/post"}],"author":[{"embeddable":true,"href":"https:\/\/www.villekarinen.net\/index.php?rest_route=\/wp\/v2\/users\/1"}],"replies":[{"embeddable":true,"href":"https:\/\/www.villekarinen.net\/index.php?rest_route=%2Fwp%2Fv2%2Fcomments&post=1541"}],"version-history":[{"count":1,"href":"https:\/\/www.villekarinen.net\/index.php?rest_route=\/wp\/v2\/posts\/1541\/revisions"}],"predecessor-version":[{"id":1542,"href":"https:\/\/www.villekarinen.net\/index.php?rest_route=\/wp\/v2\/posts\/1541\/revisions\/1542"}],"wp:attachment":[{"href":"https:\/\/www.villekarinen.net\/index.php?rest_route=%2Fwp%2Fv2%2Fmedia&parent=1541"}],"wp:term":[{"taxonomy":"category","embeddable":true,"href":"https:\/\/www.villekarinen.net\/index.php?rest_route=%2Fwp%2Fv2%2Fcategories&post=1541"},{"taxonomy":"post_tag","embeddable":true,"href":"https:\/\/www.villekarinen.net\/index.php?rest_route=%2Fwp%2Fv2%2Ftags&post=1541"}],"curies":[{"name":"wp","href":"https:\/\/api.w.org\/{rel}","templated":true}]}}