{"id":937,"date":"2017-04-01T19:51:32","date_gmt":"2017-04-01T16:51:32","guid":{"rendered":"http:\/\/www.villekarinen.fi\/?p=937"},"modified":"2017-04-01T22:26:41","modified_gmt":"2017-04-01T19:26:41","slug":"vantaan","status":"publish","type":"post","link":"https:\/\/www.villekarinen.net\/?p=937","title":{"rendered":"Vantaan on ryhdytt\u00e4v\u00e4 kapinaan koulutusleikkauksia vastaan"},"content":{"rendered":"<p>Lasten ja nuorten hyvinvointiin ja koulutukseen sijoittaminen on keskeinen tekij\u00e4, joka ratkaisee sen mihin suuntaan Vantaa tulevaisuudessa kehittyy. \u00a0T\u00e4ll\u00e4 hetkell\u00e4 tilanne on huolestuttava. Vantaalaisista 20-30 vuotiaista nuorista 26%:lla, eli l\u00e4hes 8000:lla\u00a0ei ole peruskoulun j\u00e4lkeist\u00e4 koulutusta.\u00a0 Kuuteen suurimpaan kaupunkiin verrattuna Vantaalla on my\u00f6s eniten peruskoulun j\u00e4lkeisen koulutuksen ulkopuolelle j\u00e4\u00e4neit\u00e4 17-24 -vuotiaita nuoria. Vantaalaisten koulutustaso on my\u00f6s koko v\u00e4est\u00f6n tasolla selv\u00e4sti matalin kuuden suurimman kaupungin vertailussa.<\/p>\n<!-- MetaSlider 948 not found -->\n<p><strong>Kuvat<\/strong>: <a href=\"https:\/\/www.sotkanet.fi\/sotkanet\/fi\/index\" onclick=\"javascript:_gaq.push(['_trackEvent','outbound-article','http:\/\/www.sotkanet.fi']);\">sotkanet.fi tilasto ja indikaattoripankki<\/a><\/p>\n<p>Viime valtuustokaudelle tehdyt p\u00e4\u00e4t\u00f6kset eiv\u00e4t ohjaa Vantaan kehityst\u00e4 oikeaan suuntaan. Leikkauksia ja heikennyksi\u00e4 on tehty niin varhaiskasvatukseen, perusopetukseen kuin my\u00f6s ammatilliseen- ja lukiokoulutukseen. Viime vuonna Vantaa otti ainoana p\u00e4\u00e4kaupunkiseudun kuntana my\u00f6s k\u00e4ytt\u00f6\u00f6n Sipil\u00e4n hallituksen tekem\u00e4t rajoitukset p\u00e4iv\u00e4hoitoon. Varhaiskasvatuksen laadulla on eritt\u00e4in merkitt\u00e4v\u00e4 vaikutus lasten tulevaan koulumenestykseen ja el\u00e4m\u00e4nlaatuun. <a href=\"https:\/\/heckmanequation.org\/resource\/invest-in-early-childhood-development-reduce-deficits-strengthen-the-economy\/\" onclick=\"javascript:_gaq.push(['_trackEvent','outbound-article','http:\/\/heckmanequation.org']);\">Tutkimuksissa<\/a> laadukasta varhaiskasvatusta on pidetty merkitt\u00e4vimp\u00e4n\u00e4 yksil\u00f6n tulevaisuuteen vaikuttavana koulutusinvestointina. Nyt varhaiskasvatukseen nyt tehdyill\u00e4 leikkauksilla on seurauksia pitk\u00e4lle Vantaan tulevaisuuteen.<\/p>\n<p>Vantaalla tarvitaan sijoituksia\u00a0koulutukseen kaikilla tasoilla. Varhaiskasvatukseen viime valtuustokaudelle tehdyt rajaukset on purettava ja huolehdittava, ett\u00e4 p\u00e4iv\u00e4kodeissa on riitt\u00e4v\u00e4t resurssit laadukkaan varhaiskasvatuksen toteuttamiseen. Perusopetuksen ryhm\u00e4koot on pidett\u00e4v\u00e4 riitt\u00e4v\u00e4n pienin\u00e4 ja kouluissa on oltava riitt\u00e4v\u00e4sti koulunk\u00e4ynninohjaajia, jotta kaikille voidaan turvata mahdollisuus oppimiseen. Jokaiselle peruskoulun p\u00e4\u00e4tt\u00e4neelle tulee tarjota toisen asteen koulutuspaikka, joko lukiossa tai ammattikoulussa. \u00a0Opetuksen laadusta ja valinnanmahdollisuuksista ei pid\u00e4 tinki\u00e4 ammatillisessa koulutuksessa eik\u00e4 lukioissa. \u00a0Niille nuorille, joilla ei t\u00e4ll\u00e4 hetkell\u00e4 ole edellytyksi\u00e4 sijoittua koulutukseen tai ty\u00f6el\u00e4m\u00e4\u00e4n tulee olla tarjolla matalan kynnyksen monialaista ohjausta. T\u00e4ll\u00e4 hetkell\u00e4 k\u00e4ynniss\u00e4 olevan <a href=\"https:\/\/www.vantaa.fi\/hallinto_ja_talous\/tyo_ja_elinkeinot\/apua_tyonhakuun\/nuorten_palvelut_ohjaamo\" onclick=\"javascript:_gaq.push(['_trackEvent','outbound-article','http:\/\/www.vantaa.fi']);\">Ohjaamo-hankkeen<\/a> jatkorahoitus on turvattava tulevalla valtuustokaudella.<\/p>\n<p>Laadukas varhaiskasvatus ja koulutus ovat sijoituksia, jotka kantavat hedelm\u00e4\u00e4 kaukana tulevaisuudessa. Sijoituksen tuottoja ei voi laskea kvartaaleittain tai edes valtuustokausittain, vaan katse on pidett\u00e4v\u00e4 huomattavasti kauempana tulevaisuudessa olevassa pallossa. Pitk\u00e4ll\u00e4 t\u00e4ht\u00e4imell\u00e4 varhaiskasvatuksen ja koulutuksen laadusta ja m\u00e4\u00e4r\u00e4st\u00e4 tinkiminen tarkoittavat Vantaan kaupungille pienempi\u00e4 verotuloja ja korkeampia menoja. Matalampi koulutustaso altistaa ty\u00f6tt\u00f6myydelle, jonka synnytt\u00e4mien ongelmien korjaaminen tulee kaupungille kalliiksi. Varsinkin Vantaalla, jossa v\u00e4est\u00f6 on keskim\u00e4\u00e4rin muuta Suomea nuorempaa ja maahanmuuttajataustaisen v\u00e4est\u00f6n osuus Suomen korkein, on koulutuksesta leikkaaminen katastrofaalinen sosiaalinen virhe johon meill\u00e4 ei kertakaikkiaan ole varaa.<\/p>\n<p>Sipil\u00e4n hallitus on viimevuosina tehnyt mittavia leikkauksia koulutukseen. \u00a0Vantaan tulee taistella hallituksen koulutusleikkauksia vastaan tarmokkaasti. Meill\u00e4 ei ole varaa j\u00e4tt\u00e4\u00e4 nuoriamme heitteille ilman koulutusta ja el\u00e4misen mahdollisuuksia. T\u00e4st\u00e4 johtuen Vantaan t\u00e4ytyy ryhty\u00e4 koulutuskapinaan hallituksen koulutusleikkauksia vastaan. Valtion leikatessa koulutuksen rahoitusta Vantaan tulee tarvittaessa olla valmis maksamaan erotus kunnan omasta pussista.<\/p>\n<p>&nbsp;<\/p>\n<p>.<\/p>\n","protected":false},"excerpt":{"rendered":"<p>Lasten ja nuorten hyvinvointiin ja koulutukseen sijoittaminen on keskeinen tekij\u00e4, joka ratkaisee sen mihin suuntaan Vantaa tulevaisuudessa kehittyy. \u00a0T\u00e4ll\u00e4 hetkell\u00e4 tilanne on huolestuttava. Vantaalaisista 20-30 vuotiaista nuorista 26%:lla, eli l\u00e4hes 8000:lla\u00a0ei ole peruskoulun j\u00e4lkeist\u00e4 koulutusta.\u00a0 Kuuteen suurimpaan kaupunkiin verrattuna Vantaalla on my\u00f6s eniten peruskoulun j\u00e4lkeisen koulutuksen ulkopuolelle j\u00e4\u00e4neit\u00e4 17-24 -vuotiaita nuoria. Vantaalaisten koulutustaso on my\u00f6s <a class=\"read-more\" href=\"https:\/\/www.villekarinen.net\/?p=937\" >Read More<\/a><\/p>\n","protected":false},"author":1,"featured_media":0,"comment_status":"closed","ping_status":"open","sticky":false,"template":"","format":"standard","meta":{"spay_email":"","jetpack_publicize_message":"","jetpack_is_tweetstorm":false,"jetpack_publicize_feature_enabled":true},"categories":[4],"tags":[],"yoast_head":"<!-- This site is optimized with the Yoast SEO plugin v17.8 - https:\/\/yoast.com\/wordpress\/plugins\/seo\/ -->\n<title>Vantaan on ryhdytt\u00e4v\u00e4 kapinaan koulutusleikkauksia vastaan - VILLE KARINEN<\/title>\n<meta name=\"robots\" content=\"index, follow, max-snippet:-1, max-image-preview:large, max-video-preview:-1\" \/>\n<link rel=\"canonical\" href=\"https:\/\/www.villekarinen.net\/?p=937\" \/>\n<meta property=\"og:locale\" content=\"fi_FI\" \/>\n<meta property=\"og:type\" content=\"article\" \/>\n<meta property=\"og:title\" content=\"Vantaan on ryhdytt\u00e4v\u00e4 kapinaan koulutusleikkauksia vastaan - VILLE KARINEN\" \/>\n<meta property=\"og:description\" content=\"Lasten ja nuorten hyvinvointiin ja koulutukseen sijoittaminen on keskeinen tekij\u00e4, joka ratkaisee sen mihin suuntaan Vantaa tulevaisuudessa kehittyy. \u00a0T\u00e4ll\u00e4 hetkell\u00e4 tilanne on huolestuttava. Vantaalaisista 20-30 vuotiaista nuorista 26%:lla, eli l\u00e4hes 8000:lla\u00a0ei ole peruskoulun j\u00e4lkeist\u00e4 koulutusta.\u00a0 Kuuteen suurimpaan kaupunkiin verrattuna Vantaalla on my\u00f6s eniten peruskoulun j\u00e4lkeisen koulutuksen ulkopuolelle j\u00e4\u00e4neit\u00e4 17-24 -vuotiaita nuoria. Vantaalaisten koulutustaso on my\u00f6s Read More\" \/>\n<meta property=\"og:url\" content=\"https:\/\/www.villekarinen.net\/?p=937\" \/>\n<meta property=\"og:site_name\" content=\"VILLE KARINEN\" \/>\n<meta property=\"article:publisher\" content=\"https:\/\/www.facebook.com\/karinenville\" \/>\n<meta property=\"article:published_time\" content=\"2017-04-01T16:51:32+00:00\" \/>\n<meta property=\"article:modified_time\" content=\"2017-04-01T19:26:41+00:00\" \/>\n<meta property=\"og:image\" content=\"https:\/\/i1.wp.com\/www.villekarinen.net\/wp-content\/uploads\/2025\/04\/Ville-Karinen_rintakuva_some.jpg?fit=1181%2C1575&#038;ssl=1\" \/>\n\t<meta property=\"og:image:width\" content=\"1181\" \/>\n\t<meta property=\"og:image:height\" content=\"1575\" \/>\n<meta name=\"twitter:card\" content=\"summary_large_image\" \/>\n<meta name=\"twitter:creator\" content=\"@villekarinen\" \/>\n<meta name=\"twitter:site\" content=\"@villekarinen\" \/>\n<meta name=\"twitter:label1\" content=\"Kirjoittanut\" \/>\n\t<meta name=\"twitter:data1\" content=\"admin\" \/>\n\t<meta name=\"twitter:label2\" content=\"Arvioitu lukuaika\" \/>\n\t<meta name=\"twitter:data2\" content=\"2 minuuttia\" \/>\n<script type=\"application\/ld+json\" class=\"yoast-schema-graph\">{\"@context\":\"https:\/\/schema.org\",\"@graph\":[{\"@type\":\"WebSite\",\"@id\":\"https:\/\/www.villekarinen.net\/#website\",\"url\":\"https:\/\/www.villekarinen.net\/\",\"name\":\"VILLE KARINEN\",\"description\":\"Vantaan Vasemmistoliiton puheenjohtaja\",\"potentialAction\":[{\"@type\":\"SearchAction\",\"target\":{\"@type\":\"EntryPoint\",\"urlTemplate\":\"https:\/\/www.villekarinen.net\/?s={search_term_string}\"},\"query-input\":\"required name=search_term_string\"}],\"inLanguage\":\"fi\"},{\"@type\":\"WebPage\",\"@id\":\"https:\/\/www.villekarinen.net\/?p=937#webpage\",\"url\":\"https:\/\/www.villekarinen.net\/?p=937\",\"name\":\"Vantaan on ryhdytt\\u00e4v\\u00e4 kapinaan koulutusleikkauksia vastaan - VILLE KARINEN\",\"isPartOf\":{\"@id\":\"https:\/\/www.villekarinen.net\/#website\"},\"datePublished\":\"2017-04-01T16:51:32+00:00\",\"dateModified\":\"2017-04-01T19:26:41+00:00\",\"author\":{\"@id\":\"https:\/\/www.villekarinen.net\/#\/schema\/person\/7b31dfe83cfb752f2f95789bdf6bda9f\"},\"breadcrumb\":{\"@id\":\"https:\/\/www.villekarinen.net\/?p=937#breadcrumb\"},\"inLanguage\":\"fi\",\"potentialAction\":[{\"@type\":\"ReadAction\",\"target\":[\"https:\/\/www.villekarinen.net\/?p=937\"]}]},{\"@type\":\"BreadcrumbList\",\"@id\":\"https:\/\/www.villekarinen.net\/?p=937#breadcrumb\",\"itemListElement\":[{\"@type\":\"ListItem\",\"position\":1,\"name\":\"Etusivu\",\"item\":\"https:\/\/www.villekarinen.net\/\"},{\"@type\":\"ListItem\",\"position\":2,\"name\":\"Vantaan on ryhdytt\\u00e4v\\u00e4 kapinaan koulutusleikkauksia vastaan\"}]},{\"@type\":\"Person\",\"@id\":\"https:\/\/www.villekarinen.net\/#\/schema\/person\/7b31dfe83cfb752f2f95789bdf6bda9f\",\"name\":\"admin\",\"image\":{\"@type\":\"ImageObject\",\"@id\":\"https:\/\/www.villekarinen.net\/#personlogo\",\"inLanguage\":\"fi\",\"url\":\"https:\/\/secure.gravatar.com\/avatar\/e287abc6db1b2a52486bb7c7557e7f6f?s=96&d=mm&r=g\",\"contentUrl\":\"https:\/\/secure.gravatar.com\/avatar\/e287abc6db1b2a52486bb7c7557e7f6f?s=96&d=mm&r=g\",\"caption\":\"admin\"},\"url\":\"https:\/\/www.villekarinen.net\/?author=1\"}]}<\/script>\n<!-- \/ Yoast SEO plugin. -->","yoast_head_json":{"title":"Vantaan on ryhdytt\u00e4v\u00e4 kapinaan koulutusleikkauksia vastaan - VILLE KARINEN","robots":{"index":"index","follow":"follow","max-snippet":"max-snippet:-1","max-image-preview":"max-image-preview:large","max-video-preview":"max-video-preview:-1"},"canonical":"https:\/\/www.villekarinen.net\/?p=937","og_locale":"fi_FI","og_type":"article","og_title":"Vantaan on ryhdytt\u00e4v\u00e4 kapinaan koulutusleikkauksia vastaan - VILLE KARINEN","og_description":"Lasten ja nuorten hyvinvointiin ja koulutukseen sijoittaminen on keskeinen tekij\u00e4, joka ratkaisee sen mihin suuntaan Vantaa tulevaisuudessa kehittyy. \u00a0T\u00e4ll\u00e4 hetkell\u00e4 tilanne on huolestuttava. Vantaalaisista 20-30 vuotiaista nuorista 26%:lla, eli l\u00e4hes 8000:lla\u00a0ei ole peruskoulun j\u00e4lkeist\u00e4 koulutusta.\u00a0 Kuuteen suurimpaan kaupunkiin verrattuna Vantaalla on my\u00f6s eniten peruskoulun j\u00e4lkeisen koulutuksen ulkopuolelle j\u00e4\u00e4neit\u00e4 17-24 -vuotiaita nuoria. Vantaalaisten koulutustaso on my\u00f6s Read More","og_url":"https:\/\/www.villekarinen.net\/?p=937","og_site_name":"VILLE KARINEN","article_publisher":"https:\/\/www.facebook.com\/karinenville","article_published_time":"2017-04-01T16:51:32+00:00","article_modified_time":"2017-04-01T19:26:41+00:00","og_image":[{"width":1181,"height":1575,"url":"https:\/\/i1.wp.com\/www.villekarinen.net\/wp-content\/uploads\/2025\/04\/Ville-Karinen_rintakuva_some.jpg?fit=1181%2C1575&ssl=1","type":"image\/jpeg"}],"twitter_card":"summary_large_image","twitter_creator":"@villekarinen","twitter_site":"@villekarinen","twitter_misc":{"Kirjoittanut":"admin","Arvioitu lukuaika":"2 minuuttia"},"schema":{"@context":"https:\/\/schema.org","@graph":[{"@type":"WebSite","@id":"https:\/\/www.villekarinen.net\/#website","url":"https:\/\/www.villekarinen.net\/","name":"VILLE KARINEN","description":"Vantaan Vasemmistoliiton puheenjohtaja","potentialAction":[{"@type":"SearchAction","target":{"@type":"EntryPoint","urlTemplate":"https:\/\/www.villekarinen.net\/?s={search_term_string}"},"query-input":"required name=search_term_string"}],"inLanguage":"fi"},{"@type":"WebPage","@id":"https:\/\/www.villekarinen.net\/?p=937#webpage","url":"https:\/\/www.villekarinen.net\/?p=937","name":"Vantaan on ryhdytt\u00e4v\u00e4 kapinaan koulutusleikkauksia vastaan - VILLE KARINEN","isPartOf":{"@id":"https:\/\/www.villekarinen.net\/#website"},"datePublished":"2017-04-01T16:51:32+00:00","dateModified":"2017-04-01T19:26:41+00:00","author":{"@id":"https:\/\/www.villekarinen.net\/#\/schema\/person\/7b31dfe83cfb752f2f95789bdf6bda9f"},"breadcrumb":{"@id":"https:\/\/www.villekarinen.net\/?p=937#breadcrumb"},"inLanguage":"fi","potentialAction":[{"@type":"ReadAction","target":["https:\/\/www.villekarinen.net\/?p=937"]}]},{"@type":"BreadcrumbList","@id":"https:\/\/www.villekarinen.net\/?p=937#breadcrumb","itemListElement":[{"@type":"ListItem","position":1,"name":"Etusivu","item":"https:\/\/www.villekarinen.net\/"},{"@type":"ListItem","position":2,"name":"Vantaan on ryhdytt\u00e4v\u00e4 kapinaan koulutusleikkauksia vastaan"}]},{"@type":"Person","@id":"https:\/\/www.villekarinen.net\/#\/schema\/person\/7b31dfe83cfb752f2f95789bdf6bda9f","name":"admin","image":{"@type":"ImageObject","@id":"https:\/\/www.villekarinen.net\/#personlogo","inLanguage":"fi","url":"https:\/\/secure.gravatar.com\/avatar\/e287abc6db1b2a52486bb7c7557e7f6f?s=96&d=mm&r=g","contentUrl":"https:\/\/secure.gravatar.com\/avatar\/e287abc6db1b2a52486bb7c7557e7f6f?s=96&d=mm&r=g","caption":"admin"},"url":"https:\/\/www.villekarinen.net\/?author=1"}]}},"jetpack_featured_media_url":"","jetpack_publicize_connections":[],"jetpack_shortlink":"https:\/\/wp.me\/s8zKO6-vantaan","jetpack-related-posts":[{"id":6,"url":"https:\/\/www.villekarinen.net\/?p=6","url_meta":{"origin":937,"position":0},"title":"Ajakaa enemm\u00e4n, lukekaa v\u00e4hemm\u00e4n!","date":"23 elokuun, 2012","format":false,"excerpt":"Vantaan kaupunki on k\u00e4ytt\u00e4m\u00e4ss\u00e4 40 miljoonaa euroa keh\u00e4 III:n kehitt\u00e4misen toiseen vaiheeseen. Lis\u00e4ksi Vantaa on rahoittamassa hankkeen valtion osuutta v\u00e4liaikaisella 50 miljoonan euron lainalla. Samaan aikaan Vantaalla on k\u00e4ynniss\u00e4 talouden tasapainottamis- ja velkaohjelma (suom. kaupunki s\u00e4\u00e4st\u00e4\u00e4 leikkaamalla peruspalveluista). Vantaan sivistystoimessa on luvassa mm. Ensimm\u00e4isen ja toisen luokan opetustuntien v\u00e4hent\u00e4minen lain\u2026","rel":"","context":"Kategoriassa &quot;Vantaa&quot;","img":{"alt_text":"","src":"https:\/\/i0.wp.com\/184.173.8.62\/~villekar\/wp-content\/uploads\/2012\/08\/Keha_III_aerial.jpg?resize=350%2C200","width":350,"height":200},"classes":[]},{"id":1233,"url":"https:\/\/www.villekarinen.net\/?p=1233","url_meta":{"origin":937,"position":1},"title":"Kaupunki kuuluu muillekin kuin \u201dhyville veronmaksajille\u201d","date":"20 lokakuun, 2020","format":false,"excerpt":"Kirjoitukseni Vantaan sanomissa 16.9.2020 Viime aikoina julkisuudessa on k\u00e4yty kiivasta keskustelua Vantaan pikaraitiotiehankkeesta. Raitiotien vastustajat ovat esitt\u00e4neet er\u00e4\u00e4n\u00e4 argumenttina, ett\u00e4 It\u00e4-Vantaalla Hakunilassa ja L\u00e4nsim\u00e4ess\u00e4 ei asu riitt\u00e4v\u00e4sti \u201dhyvi\u00e4 veronmaksajia\u201d, jotta alueelle kannattaisi tehd\u00e4 investointeja tai tarjota kunnallisia palveluita. T\u00e4llainen puhe on mielest\u00e4ni huolestuttavaa ja loukkaa hyvin suurta osaa Vantaan asukkaista.\u2026","rel":"","context":"Kategoriassa &quot;kunnallispolitiikka&quot;","img":{"alt_text":"","src":"","width":0,"height":0},"classes":[]},{"id":146,"url":"https:\/\/www.villekarinen.net\/?p=146","url_meta":{"origin":937,"position":2},"title":"Mist\u00e4 Vantaalla \u00e4\u00e4nestet\u00e4\u00e4n?","date":"27 lokakuun, 2012","format":false,"excerpt":"Tulevat kuntavaalit ovat Vantaalla poikkeuksellisen mielenkiintoiset. Kerrankin puolueiden v\u00e4lill\u00e4 on n\u00e4ht\u00e4viss\u00e4\u00a0selkeit\u00e4 eroja. N\u00e4iden vaalien kuumin peruna on ep\u00e4ilem\u00e4tt\u00e4\u00a0talous- ja velkaohjelmaksi kutsuttu peruspalveluiden yksityist\u00e4mis- ja leikkausohjelma. Ohjelmaan sis\u00e4ltyy merkitt\u00e4vi\u00e4 leikkauksia kaikista kunnan peruspalveluista, joista mainittakoon esim. 100 koulunk\u00e4yntiavustajan irtisanominen sek\u00e4 l\u00e4hes 200 000 ty\u00f6tunnin v\u00e4hent\u00e4minen sosiaali- ja terveyspalveluista. Paitsi ett\u00e4 Vantaa\u2026","rel":"","context":"Kategoriassa &quot;kunnallispolitiikka&quot;","img":{"alt_text":"","src":"","width":0,"height":0},"classes":[]},{"id":16,"url":"https:\/\/www.villekarinen.net\/?p=16","url_meta":{"origin":937,"position":3},"title":"Vantaa &#8211; Suomen surkein kulttuurikunta?","date":"29 elokuun, 2012","format":false,"excerpt":"Kuntaliitto ja Kulttuuripoliittisen tutkimuksen edist\u00e4miss\u00e4\u00e4ti\u00f6 Cupore julkaisivat t\u00e4m\u00e4n vuoden alussa raportin \"Kuntien kulttuuritoiminta lukujen valossa\". Raportti on suositeltavaa luettavaa kaikille kuntien kulttuuritoiminnan ja kulttuuripolitiikan parissa puuhaileville. Tutkimuksessa vertaillaan 25 suomalaisen kunnan panostuksia kulttuuritoimintaan. Kulttuuritoiminta\u00a0m\u00e4\u00e4riteltiin tutkimuksessa laajasti k\u00e4sitt\u00e4en kirjastot, taide- ja kulttuurilaitokset, kulttuuritalot ja kulttuurikeskukset, taideoppilaitokset ja taiteen perusopetus, kunnan yleinen\u2026","rel":"","context":"Kategoriassa &quot;kulttuuripolitiikka&quot;","img":{"alt_text":"","src":"","width":0,"height":0},"classes":[]},{"id":307,"url":"https:\/\/www.villekarinen.net\/?p=307","url_meta":{"origin":937,"position":4},"title":"Villa \u00c5vik","date":"27 tammikuun, 2014","format":false,"excerpt":"Valmistelemani Tikkurilan Vasemmistoliiton kannanotto liittyen Villa \u00c5vikin tontin k\u00e4ytt\u00f6\u00f6n. \"Tikkurilan Vasemmistoliiton kannanotto 30.10.2013 Tikkurilassa Keravan joen rannassa Heurekaa vastap\u00e4\u00e4t\u00e4 sijaitseva Villa \u00c5vik puretaan l\u00e4hiaikoina rakennuksen huonon kunnon vuoksi. Tikkurilan Vasemmiston kanta on, ett\u00e4 joenrannan alueen tulee olla asukkaiden yhteist\u00e4 julkista tilaa ja alueen k\u00e4ytt\u00f6tarkoituksen tulee tukea alueen asukkaiden virkistyst\u00e4 ja\u2026","rel":"","context":"Kategoriassa &quot;kaupunkisuunnittelu&quot;","img":{"alt_text":"","src":"","width":0,"height":0},"classes":[]},{"id":1541,"url":"https:\/\/www.villekarinen.net\/?p=1541","url_meta":{"origin":937,"position":5},"title":"Vantaa haluaa myyd\u00e4 kehitysvammaisten kodit kiinteist\u00f6sijoittajille","date":"31 tammikuun, 2022","format":false,"excerpt":"Hyvinvointialueuudistukseen liittyen Vantaan kaupunginhallituksessa k\u00e4siteltiin maanantaina 31.1.2022 Vantaan kaupungin lausuntoa Eteva kuntayhtym\u00e4n antamaan selvitykseen Etevalta hyvinvointialueille siirtyv\u00e4st\u00e4 omaisuudesta. Eteva kuntayhtym\u00e4 on Uudenmaan ja Etel\u00e4-H\u00e4meen erityishuoltopiiri, joka tuottaa palveluita mm. kehitysvammaisille, aikuisi\u00e4ll\u00e4 vammautuneille sek\u00e4 mielenterveyskuntoutujille. Hyvinvointialueuudistuksen my\u00f6t\u00e4 vastuu n\u00e4ist\u00e4 palveluista on siirtym\u00e4ss\u00e4 hyvinvointialueilla ja Eteva kuntayhtym\u00e4 tullaan t\u00e4st\u00e4 syyst\u00e4 purkamaan. Eteva\u2026","rel":"","context":"Kategoriassa &quot;kunnallispolitiikka&quot;","img":{"alt_text":"","src":"","width":0,"height":0},"classes":[]}],"_links":{"self":[{"href":"https:\/\/www.villekarinen.net\/index.php?rest_route=\/wp\/v2\/posts\/937"}],"collection":[{"href":"https:\/\/www.villekarinen.net\/index.php?rest_route=\/wp\/v2\/posts"}],"about":[{"href":"https:\/\/www.villekarinen.net\/index.php?rest_route=\/wp\/v2\/types\/post"}],"author":[{"embeddable":true,"href":"https:\/\/www.villekarinen.net\/index.php?rest_route=\/wp\/v2\/users\/1"}],"replies":[{"embeddable":true,"href":"https:\/\/www.villekarinen.net\/index.php?rest_route=%2Fwp%2Fv2%2Fcomments&post=937"}],"version-history":[{"count":27,"href":"https:\/\/www.villekarinen.net\/index.php?rest_route=\/wp\/v2\/posts\/937\/revisions"}],"predecessor-version":[{"id":969,"href":"https:\/\/www.villekarinen.net\/index.php?rest_route=\/wp\/v2\/posts\/937\/revisions\/969"}],"wp:attachment":[{"href":"https:\/\/www.villekarinen.net\/index.php?rest_route=%2Fwp%2Fv2%2Fmedia&parent=937"}],"wp:term":[{"taxonomy":"category","embeddable":true,"href":"https:\/\/www.villekarinen.net\/index.php?rest_route=%2Fwp%2Fv2%2Fcategories&post=937"},{"taxonomy":"post_tag","embeddable":true,"href":"https:\/\/www.villekarinen.net\/index.php?rest_route=%2Fwp%2Fv2%2Ftags&post=937"}],"curies":[{"name":"wp","href":"https:\/\/api.w.org\/{rel}","templated":true}]}}